{"id":1829,"date":"2021-03-30T08:05:46","date_gmt":"2021-03-30T08:05:46","guid":{"rendered":"https:\/\/www.avanza.cat\/?p=1829"},"modified":"2023-01-23T20:11:03","modified_gmt":"2023-01-23T20:11:03","slug":"els-auxiliars-dajuda-a-domicili","status":"publish","type":"post","link":"https:\/\/avanza.cat\/ca\/els-auxiliars-dajuda-a-domicili\/","title":{"rendered":"Els auxiliars d&#8217;ajuda a domicili"},"content":{"rendered":"<p>Els <strong>auxiliars d&#8217;ajuda a domicili<\/strong> s\u00f3n <strong>professionals<\/strong> que s&#8217;encarreguen de les cures d&#8217;una persona dependent en el seu <strong>lloc de resid\u00e8ncia<\/strong>. La seva funci\u00f3 \u00e9s millorar i mantenir la mateixa autonomia de la persona a trav\u00e9s de les cures i tractes que requereixi.<\/p>\n<p>A causa de les elevades xifres de gent gran a Espanya, ara mateix hi ha un gran nombre de persones d&#8217;edat avan\u00e7ada que necessiten que alg\u00fa els atengui i els ajudi en el seu domicili. Per a aix\u00f2, es necessiten persones formades i professionals que siguin capa\u00e7os de cuidar i tractar adequadament les necessitats f\u00edsiques i psicol\u00f2giques d&#8217;aquelles persones que ho requereixin.<\/p>\n<p>Els <strong>auxiliars d&#8217;ajuda a domicili d&#8217;<span class=\"hiddenSpellError\">Avanza<\/span><\/strong> es regeixen per diverses normes, entre elles el respecte i l&#8217;\u00e8tica professional. De forma m\u00e9s detallada:<\/p>\n<ul>\n<li>Respecten als usuaris del servei adaptant-se als costums de l&#8217;usuari i la forma de fer dels seus familiars.<\/li>\n<li>Tenen una total discreci\u00f3 amb els usuaris i mantenen actituds imparcials, evitant per aquest motiu comentaris dins i fora de <span class=\"hiddenGrammarError\">servei<\/span>.<\/li>\n<li>\u00c9s primordial aconseguir l&#8217;autonomia dels usuaris, de tal manera que siguin independents mitjan\u00e7ant la compartici\u00f3 de tasques, per\u00f2 sense imposar els seus valors, adaptant-se el m\u00e0xim possible als usuaris i mantenint un tracte actiu amb els familiars.<\/li>\n<li>Crear un ambient que transmeti suport i confian\u00e7a als usuaris, i oferir-los m\u00e9s suport moral<\/li>\n<\/ul>\n<p>Amb aquests valors com a guia, els auxiliars d&#8217;ajuda a domicili, realitzen una gran quantitat de<strong> serveis diferents amb l&#8217;objectiu de millorar tot el possible la qualitat de vida de les persones<\/strong> ateses. Moltes persones tenen idees err\u00f2nies sobre els serveis oferts per part dels auxiliars. Per aquest motiu, us donem a con\u00e8ixer alguns d&#8217;ells:<\/p>\n<ul>\n<li>Ajuda en la higiene, dutxa, bany i imatge personal.<\/li>\n<li>Ajuda en la ingesta d&#8217;aliments i en l&#8217;administraci\u00f3 de medicaci\u00f3 prescrita.<\/li>\n<li>Transfer\u00e8ncies, trasllats i mobilitat a la llar.<\/li>\n<li>Atencions b\u00e0siques a persones incontinents.<\/li>\n<li>Estimulaci\u00f3 i foment de la m\u00e0xima autonomia, participaci\u00f3 en les activitats b\u00e0siques quotidianes.<\/li>\n<li>Adquisici\u00f3 d&#8217;aliments o altres compres d&#8217;articles de primera necessitat.<\/li>\n<li>Preparaci\u00f3 d&#8217;aliments a la llar.<\/li>\n<li>Foment de la utilitzaci\u00f3 adequada d&#8217;ajudes t\u00e8cniques i adaptacions pautades.<\/li>\n<\/ul>\n<p>Aquests s\u00f3n nom\u00e9s alguns dels serveis oferts per part dels nostres auxiliars d&#8217;ajuda a domicili, els quals vetllen per millorar la qualitat de vida dels seus \u00e9ssers estimats.<\/p>\n<p><span class=\"hiddenGrammarError\">Des<\/span> <span class=\"hiddenGrammarError\">d&#8217;Avanza\u00a0<\/span>procurem pel b\u00e9 de les persones d&#8217;edat avan\u00e7ada i posem al seu servei tota mena de professionals perqu\u00e8 puguin rebre una atenci\u00f3 excel\u00b7lent i aconseguir aix\u00ed una millor qualitat de vida tant en l&#8217;\u00e0mbit f\u00edsic com en l&#8217;\u00e0mbit emocional.<\/p>\n","protected":false},"excerpt":{"rendered":"<p>Els auxiliars d&#8217;ajuda a domicili s\u00f3n professionals que s&#8217;encarreguen de les cures d&#8217;una persona dependent en el seu lloc de resid\u00e8ncia. La seva funci\u00f3 \u00e9s millorar i mantenir la mateixa autonomia de la persona a trav\u00e9s de les cures i tractes que requereixi. A causa de les elevades xifres de gent gran a Espanya, ara [&hellip;]<\/p>\n","protected":false},"author":1,"featured_media":4868,"comment_status":"closed","ping_status":"closed","sticky":false,"template":"","format":"standard","meta":{"footnotes":""},"categories":[1],"tags":[],"class_list":["post-1829","post","type-post","status-publish","format-standard","has-post-thumbnail","hentry","category-consells"],"yoast_head":"<!-- This site is optimized with the Yoast SEO plugin v23.7 - https:\/\/yoast.com\/wordpress\/plugins\/seo\/ -->\n<title>Els auxiliars d&#039;ajuda a domicili - Avanza Contigo<\/title>\n<meta name=\"description\" content=\"Els auxiliars d&#039;ajuda a domicili d&#039;Avanza s\u00f3n professionals que s&#039;encarreguen de les cures d&#039;una persona dependent en el seu lloc de resid\u00e8ncia.\" \/>\n<meta name=\"robots\" content=\"index, follow, max-snippet:-1, max-image-preview:large, max-video-preview:-1\" \/>\n<link rel=\"canonical\" href=\"https:\/\/avanza.cat\/los-auxiliares-de-ayuda-a-domicilio\/\" \/>\n<meta property=\"og:locale\" content=\"ca_ES\" \/>\n<meta property=\"og:type\" content=\"article\" \/>\n<meta property=\"og:title\" content=\"Els auxiliars d&#039;ajuda a domicili - Avanza Contigo\" \/>\n<meta property=\"og:description\" content=\"Els auxiliars d&#039;ajuda a domicili d&#039;Avanza s\u00f3n professionals que s&#039;encarreguen de les cures d&#039;una persona dependent en el seu lloc de resid\u00e8ncia.\" \/>\n<meta property=\"og:url\" content=\"https:\/\/avanza.cat\/los-auxiliares-de-ayuda-a-domicilio\/\" \/>\n<meta property=\"og:site_name\" content=\"Avanza Contigo\" \/>\n<meta property=\"article:published_time\" content=\"2021-03-30T08:05:46+00:00\" \/>\n<meta property=\"article:modified_time\" content=\"2023-01-23T20:11:03+00:00\" \/>\n<meta property=\"og:image\" content=\"https:\/\/avanza.cat\/wp-content\/uploads\/2021\/03\/los-auxiliares-de-ayuda-a-domicilio.jpg\" \/>\n\t<meta property=\"og:image:width\" content=\"977\" \/>\n\t<meta property=\"og:image:height\" content=\"652\" \/>\n\t<meta property=\"og:image:type\" content=\"image\/jpeg\" \/>\n<meta name=\"author\" content=\"molismedia\" \/>\n<meta name=\"twitter:card\" content=\"summary_large_image\" \/>\n<meta name=\"twitter:label1\" content=\"Escrit per\" \/>\n\t<meta name=\"twitter:data1\" content=\"molismedia\" \/>\n\t<meta name=\"twitter:label2\" content=\"Temps estimat de lectura\" \/>\n\t<meta name=\"twitter:data2\" content=\"2 minuts\" \/>\n<script type=\"application\/ld+json\" class=\"yoast-schema-graph\">{\"@context\":\"https:\/\/schema.org\",\"@graph\":[{\"@type\":\"WebPage\",\"@id\":\"https:\/\/avanza.cat\/los-auxiliares-de-ayuda-a-domicilio\/\",\"url\":\"https:\/\/avanza.cat\/los-auxiliares-de-ayuda-a-domicilio\/\",\"name\":\"Els auxiliars d'ajuda a domicili - Avanza Contigo\",\"isPartOf\":{\"@id\":\"https:\/\/avanza.cat\/#website\"},\"primaryImageOfPage\":{\"@id\":\"https:\/\/avanza.cat\/los-auxiliares-de-ayuda-a-domicilio\/#primaryimage\"},\"image\":{\"@id\":\"https:\/\/avanza.cat\/los-auxiliares-de-ayuda-a-domicilio\/#primaryimage\"},\"thumbnailUrl\":\"https:\/\/avanza.cat\/wp-content\/uploads\/2021\/03\/los-auxiliares-de-ayuda-a-domicilio.jpg\",\"datePublished\":\"2021-03-30T08:05:46+00:00\",\"dateModified\":\"2023-01-23T20:11:03+00:00\",\"author\":{\"@id\":\"https:\/\/avanza.cat\/#\/schema\/person\/acbd546c6dd0f1179003ee55df63dc06\"},\"description\":\"Els auxiliars d'ajuda a domicili d'Avanza s\u00f3n professionals que s'encarreguen de les cures d'una persona dependent en el seu lloc de resid\u00e8ncia.\",\"breadcrumb\":{\"@id\":\"https:\/\/avanza.cat\/los-auxiliares-de-ayuda-a-domicilio\/#breadcrumb\"},\"inLanguage\":\"ca\",\"potentialAction\":[{\"@type\":\"ReadAction\",\"target\":[\"https:\/\/avanza.cat\/los-auxiliares-de-ayuda-a-domicilio\/\"]}]},{\"@type\":\"ImageObject\",\"inLanguage\":\"ca\",\"@id\":\"https:\/\/avanza.cat\/los-auxiliares-de-ayuda-a-domicilio\/#primaryimage\",\"url\":\"https:\/\/avanza.cat\/wp-content\/uploads\/2021\/03\/los-auxiliares-de-ayuda-a-domicilio.jpg\",\"contentUrl\":\"https:\/\/avanza.cat\/wp-content\/uploads\/2021\/03\/los-auxiliares-de-ayuda-a-domicilio.jpg\",\"width\":977,\"height\":652},{\"@type\":\"BreadcrumbList\",\"@id\":\"https:\/\/avanza.cat\/los-auxiliares-de-ayuda-a-domicilio\/#breadcrumb\",\"itemListElement\":[{\"@type\":\"ListItem\",\"position\":1,\"name\":\"Portada\",\"item\":\"https:\/\/avanza.cat\/\"},{\"@type\":\"ListItem\",\"position\":2,\"name\":\"Els auxiliars d&#8217;ajuda a domicili\"}]},{\"@type\":\"WebSite\",\"@id\":\"https:\/\/avanza.cat\/#website\",\"url\":\"https:\/\/avanza.cat\/\",\"name\":\"Avanza Contigo\",\"description\":\"\",\"potentialAction\":[{\"@type\":\"SearchAction\",\"target\":{\"@type\":\"EntryPoint\",\"urlTemplate\":\"https:\/\/avanza.cat\/?s={search_term_string}\"},\"query-input\":{\"@type\":\"PropertyValueSpecification\",\"valueRequired\":true,\"valueName\":\"search_term_string\"}}],\"inLanguage\":\"ca\"},{\"@type\":\"Person\",\"@id\":\"https:\/\/avanza.cat\/#\/schema\/person\/acbd546c6dd0f1179003ee55df63dc06\",\"name\":\"molismedia\",\"image\":{\"@type\":\"ImageObject\",\"inLanguage\":\"ca\",\"@id\":\"https:\/\/avanza.cat\/#\/schema\/person\/image\/\",\"url\":\"https:\/\/secure.gravatar.com\/avatar\/34d9ed79cfff471193a64df04b4b3e6a30d4c5b140e8c27e6c1bee3fece75ecf?s=96&d=mm&r=g\",\"contentUrl\":\"https:\/\/secure.gravatar.com\/avatar\/34d9ed79cfff471193a64df04b4b3e6a30d4c5b140e8c27e6c1bee3fece75ecf?s=96&d=mm&r=g\",\"caption\":\"molismedia\"},\"url\":\"https:\/\/avanza.cat\/ca\/author\/molismedia\/\"}]}<\/script>\n<!-- \/ Yoast SEO plugin. -->","yoast_head_json":{"title":"Els auxiliars d'ajuda a domicili - Avanza Contigo","description":"Els auxiliars d'ajuda a domicili d'Avanza s\u00f3n professionals que s'encarreguen de les cures d'una persona dependent en el seu lloc de resid\u00e8ncia.","robots":{"index":"index","follow":"follow","max-snippet":"max-snippet:-1","max-image-preview":"max-image-preview:large","max-video-preview":"max-video-preview:-1"},"canonical":"https:\/\/avanza.cat\/los-auxiliares-de-ayuda-a-domicilio\/","og_locale":"ca_ES","og_type":"article","og_title":"Els auxiliars d'ajuda a domicili - Avanza Contigo","og_description":"Els auxiliars d'ajuda a domicili d'Avanza s\u00f3n professionals que s'encarreguen de les cures d'una persona dependent en el seu lloc de resid\u00e8ncia.","og_url":"https:\/\/avanza.cat\/los-auxiliares-de-ayuda-a-domicilio\/","og_site_name":"Avanza Contigo","article_published_time":"2021-03-30T08:05:46+00:00","article_modified_time":"2023-01-23T20:11:03+00:00","og_image":[{"width":977,"height":652,"url":"https:\/\/avanza.cat\/wp-content\/uploads\/2021\/03\/los-auxiliares-de-ayuda-a-domicilio.jpg","type":"image\/jpeg"}],"author":"molismedia","twitter_card":"summary_large_image","twitter_misc":{"Escrit per":"molismedia","Temps estimat de lectura":"2 minuts"},"schema":{"@context":"https:\/\/schema.org","@graph":[{"@type":"WebPage","@id":"https:\/\/avanza.cat\/los-auxiliares-de-ayuda-a-domicilio\/","url":"https:\/\/avanza.cat\/los-auxiliares-de-ayuda-a-domicilio\/","name":"Els auxiliars d'ajuda a domicili - Avanza Contigo","isPartOf":{"@id":"https:\/\/avanza.cat\/#website"},"primaryImageOfPage":{"@id":"https:\/\/avanza.cat\/los-auxiliares-de-ayuda-a-domicilio\/#primaryimage"},"image":{"@id":"https:\/\/avanza.cat\/los-auxiliares-de-ayuda-a-domicilio\/#primaryimage"},"thumbnailUrl":"https:\/\/avanza.cat\/wp-content\/uploads\/2021\/03\/los-auxiliares-de-ayuda-a-domicilio.jpg","datePublished":"2021-03-30T08:05:46+00:00","dateModified":"2023-01-23T20:11:03+00:00","author":{"@id":"https:\/\/avanza.cat\/#\/schema\/person\/acbd546c6dd0f1179003ee55df63dc06"},"description":"Els auxiliars d'ajuda a domicili d'Avanza s\u00f3n professionals que s'encarreguen de les cures d'una persona dependent en el seu lloc de resid\u00e8ncia.","breadcrumb":{"@id":"https:\/\/avanza.cat\/los-auxiliares-de-ayuda-a-domicilio\/#breadcrumb"},"inLanguage":"ca","potentialAction":[{"@type":"ReadAction","target":["https:\/\/avanza.cat\/los-auxiliares-de-ayuda-a-domicilio\/"]}]},{"@type":"ImageObject","inLanguage":"ca","@id":"https:\/\/avanza.cat\/los-auxiliares-de-ayuda-a-domicilio\/#primaryimage","url":"https:\/\/avanza.cat\/wp-content\/uploads\/2021\/03\/los-auxiliares-de-ayuda-a-domicilio.jpg","contentUrl":"https:\/\/avanza.cat\/wp-content\/uploads\/2021\/03\/los-auxiliares-de-ayuda-a-domicilio.jpg","width":977,"height":652},{"@type":"BreadcrumbList","@id":"https:\/\/avanza.cat\/los-auxiliares-de-ayuda-a-domicilio\/#breadcrumb","itemListElement":[{"@type":"ListItem","position":1,"name":"Portada","item":"https:\/\/avanza.cat\/"},{"@type":"ListItem","position":2,"name":"Els auxiliars d&#8217;ajuda a domicili"}]},{"@type":"WebSite","@id":"https:\/\/avanza.cat\/#website","url":"https:\/\/avanza.cat\/","name":"Avanza Contigo","description":"","potentialAction":[{"@type":"SearchAction","target":{"@type":"EntryPoint","urlTemplate":"https:\/\/avanza.cat\/?s={search_term_string}"},"query-input":{"@type":"PropertyValueSpecification","valueRequired":true,"valueName":"search_term_string"}}],"inLanguage":"ca"},{"@type":"Person","@id":"https:\/\/avanza.cat\/#\/schema\/person\/acbd546c6dd0f1179003ee55df63dc06","name":"molismedia","image":{"@type":"ImageObject","inLanguage":"ca","@id":"https:\/\/avanza.cat\/#\/schema\/person\/image\/","url":"https:\/\/secure.gravatar.com\/avatar\/34d9ed79cfff471193a64df04b4b3e6a30d4c5b140e8c27e6c1bee3fece75ecf?s=96&d=mm&r=g","contentUrl":"https:\/\/secure.gravatar.com\/avatar\/34d9ed79cfff471193a64df04b4b3e6a30d4c5b140e8c27e6c1bee3fece75ecf?s=96&d=mm&r=g","caption":"molismedia"},"url":"https:\/\/avanza.cat\/ca\/author\/molismedia\/"}]}},"_links":{"self":[{"href":"https:\/\/avanza.cat\/ca\/wp-json\/wp\/v2\/posts\/1829","targetHints":{"allow":["GET"]}}],"collection":[{"href":"https:\/\/avanza.cat\/ca\/wp-json\/wp\/v2\/posts"}],"about":[{"href":"https:\/\/avanza.cat\/ca\/wp-json\/wp\/v2\/types\/post"}],"author":[{"embeddable":true,"href":"https:\/\/avanza.cat\/ca\/wp-json\/wp\/v2\/users\/1"}],"replies":[{"embeddable":true,"href":"https:\/\/avanza.cat\/ca\/wp-json\/wp\/v2\/comments?post=1829"}],"version-history":[{"count":0,"href":"https:\/\/avanza.cat\/ca\/wp-json\/wp\/v2\/posts\/1829\/revisions"}],"wp:featuredmedia":[{"embeddable":true,"href":"https:\/\/avanza.cat\/ca\/wp-json\/wp\/v2\/media\/4868"}],"wp:attachment":[{"href":"https:\/\/avanza.cat\/ca\/wp-json\/wp\/v2\/media?parent=1829"}],"wp:term":[{"taxonomy":"category","embeddable":true,"href":"https:\/\/avanza.cat\/ca\/wp-json\/wp\/v2\/categories?post=1829"},{"taxonomy":"post_tag","embeddable":true,"href":"https:\/\/avanza.cat\/ca\/wp-json\/wp\/v2\/tags?post=1829"}],"curies":[{"name":"wp","href":"https:\/\/api.w.org\/{rel}","templated":true}]}}